{"id":673,"date":"2016-09-02T12:03:55","date_gmt":"2016-09-02T10:03:55","guid":{"rendered":"http:\/\/blog.icombinenet.wpengine.com\/?p=130"},"modified":"2019-05-17T11:14:11","modified_gmt":"2019-05-17T10:14:11","slug":"icombine-erblickt-das-licht-der-welt","status":"publish","type":"post","link":"https:\/\/icombine.net\/de\/blog\/icombine-erblickt-das-licht-der-welt","title":{"rendered":"Gr\u00fcndung! iCombine erblickt das Licht der Welt"},"content":{"rendered":"<p>iCombine erblickt das Licht der Welt. Mit dem Besuch beim Notar am 01.08.2016 haben wir die Gr\u00fcndung der <em>iCombine UG (haftungsbeschr\u00e4nkt)<\/em> offiziell durchgef\u00fchrt und sind seitdem stolze Firmeninhaber.<\/p>\n<div id=\"attachment_131\" style=\"width: 196px\" class=\"wp-caption alignleft\"><img loading=\"lazy\" decoding=\"async\" aria-describedby=\"caption-attachment-131\" class=\"wp-image-131\" src=\"https:\/\/icombine.net\/wp-content\/uploads\/2017\/03\/incorporation_signature.jpeg\" alt=\"iCombine Gr\u00fcndungsurkunde unterzeichnen\" width=\"186\" height=\"149\" srcset=\"https:\/\/icombine.net\/wp-content\/uploads\/2017\/03\/incorporation_signature.jpeg 1879w, https:\/\/icombine.net\/wp-content\/uploads\/2017\/03\/incorporation_signature-300x239.jpeg 300w, https:\/\/icombine.net\/wp-content\/uploads\/2017\/03\/incorporation_signature-768x613.jpeg 768w, https:\/\/icombine.net\/wp-content\/uploads\/2017\/03\/incorporation_signature-1024x817.jpeg 1024w, https:\/\/icombine.net\/wp-content\/uploads\/2017\/03\/incorporation_signature-1080x862.jpeg 1080w, https:\/\/icombine.net\/wp-content\/uploads\/2017\/03\/incorporation_signature-610x487.jpeg 610w\" sizes=\"auto, (max-width: 186px) 100vw, 186px\" \/><p id=\"caption-attachment-131\" class=\"wp-caption-text\">Robert und Richard bei der feierlichen Unterzeichnung des Gesellschaftervertrags<\/p><\/div>\n<p>Sp\u00e4testens seit der Teilnahme am Acceleratorprogramm <a href=\"http:\/\/berlinstartupacademy.com\/\">Berlin Startup Academy (BSA)<\/a> war uns klar, dass wir diesen Weg in die Selbstst\u00e4ndigkeit gehen wollen. Unsere lange Recherche und viele Gespr\u00e4che haben best\u00e4tigt, dass die Zeit reif ist f\u00fcr automatisierte Onlinel\u00f6sungen die menschliche Beratungsprozesse digitalisieren! Wir blicken somit zuversichtlich und voller Tatendrang in die Zukunft.<\/p>\n<p>Ein gro\u00dfes Dankesch\u00f6n geht an alle, die uns bislang unterst\u00fctzt haben. Es\u00a0es ist gro\u00dfartig zu wissen, dass Ihr\u00a0euch f\u00fcr unser Vorhaben interessiert. Wir versprechen euch\u00a0noch viele spannende Stories und <a href=\"http:\/\/www.startupvalley.news\/de\/icombine-recruiting\/\" target=\"_blank\" rel=\"noopener noreferrer\">weitere Interviews<\/a> \u00fcber uns und die Entwicklung von iCombine.<\/p>\n<p><!--more--><\/p>\n<h3>BSA Demo Day<\/h3>\n<div id=\"attachment_132\" style=\"width: 303px\" class=\"wp-caption alignright\"><img loading=\"lazy\" decoding=\"async\" aria-describedby=\"caption-attachment-132\" class=\" wp-image-132\" src=\"https:\/\/icombine.net\/wp-content\/uploads\/2017\/03\/13738358_1106247259421502_3721213311924796692_o-e1488367820749.jpg\" alt=\"Foto Demo Day\" width=\"293\" height=\"188\" srcset=\"https:\/\/icombine.net\/wp-content\/uploads\/2017\/03\/13738358_1106247259421502_3721213311924796692_o-e1488367820749.jpg 495w, https:\/\/icombine.net\/wp-content\/uploads\/2017\/03\/13738358_1106247259421502_3721213311924796692_o-e1488367820749-300x192.jpg 300w\" sizes=\"auto, (max-width: 293px) 100vw, 293px\" \/><p id=\"caption-attachment-132\" class=\"wp-caption-text\">Pitch auf dem BSA Demo Day<\/p><\/div>\n<p>Am 13.07.16 fand das Abschlussevent der BSA statt: Der Demo Day im <em>Newstore Event Space<\/em> in Berlin. Insgesamt 9 Startups haben an diesem Tag vor \u00fcber 100 interessierten Zuschauern ihren Pitch vorgetragen. Wir hatte die Ehre, den ersten 5-min\u00fctigen Vortrag \u00fcber unsere Idee, das Gesch\u00e4ftsmodell und unsere Strategie zu halten. Im Anschluss gab es einen regen Austausch bei Bier und Brezeln. Die Atmosph\u00e4re war klasse,\u00a0<a href=\"https:\/\/www.facebook.com\/pg\/BerlinStartupAcademy\/photos\/?tab=album&amp;album_id=1106245772754984\" target=\"_blank\" rel=\"noopener noreferrer\">seht es selbst<\/a>.<\/p>\n<h3>Product Launch f\u00fcr Lange Nacht der Startups<\/h3>\n<div id=\"attachment_133\" style=\"width: 172px\" class=\"wp-caption alignleft\"><img loading=\"lazy\" decoding=\"async\" aria-describedby=\"caption-attachment-133\" class=\"wp-image-133 \" src=\"https:\/\/icombine.net\/wp-content\/uploads\/2017\/03\/expo-home-screen_iphone6_spacegrey_portrait-e1488368170218.png\" width=\"162\" height=\"277\" srcset=\"https:\/\/icombine.net\/wp-content\/uploads\/2017\/03\/expo-home-screen_iphone6_spacegrey_portrait-e1488368170218.png 1035w, https:\/\/icombine.net\/wp-content\/uploads\/2017\/03\/expo-home-screen_iphone6_spacegrey_portrait-e1488368170218-175x300.png 175w, https:\/\/icombine.net\/wp-content\/uploads\/2017\/03\/expo-home-screen_iphone6_spacegrey_portrait-e1488368170218-768x1313.png 768w, https:\/\/icombine.net\/wp-content\/uploads\/2017\/03\/expo-home-screen_iphone6_spacegrey_portrait-e1488368170218-599x1024.png 599w, https:\/\/icombine.net\/wp-content\/uploads\/2017\/03\/expo-home-screen_iphone6_spacegrey_portrait-e1488368170218-610x1043.png 610w\" sizes=\"auto, (max-width: 162px) 100vw, 162px\" \/><p id=\"caption-attachment-133\" class=\"wp-caption-text\">iCombine Expo f\u00fcr die Lange Nacht der Startups<\/p><\/div>\n<p>Im Rahmen der Langen Nacht der Startups (02.-03.09.16)\u00a0launchen wir die erste Version von iCombine <em>Expo<\/em>. Durch unseren Service bleibt Besuchern das zeitaufwendige Studium von Messekatalogen und das orientierungslose Umherirren auf Messen erspart. Den Ausstellern werden qualifizierte Besucher zugef\u00fchrt, die auf der Messe mehr \u00fcber deren Angebote erfahren m\u00f6chten.<\/p>\n<h3><\/h3>\n<h3>Update aus der Redaktion<\/h3>\n<p>iCombine\u00a0<em>Expo<\/em> wird von uns nicht mehr entwickelt. Alle Beweggr\u00fcnde dazu findest du in <a href=\"https:\/\/icombine.net\/de\/blog\/pivot-validation-launch-2017\" target=\"_blank\" rel=\"noopener noreferrer\">diesem Artikel<\/a>. Unsere aktuelle Software kannst du auf der neuen Website <a href=\"https:\/\/icombine.net\/de\" target=\"_blank\" rel=\"noopener noreferrer\">hier kennenlernen<\/a>.<\/p>\n","protected":false},"excerpt":{"rendered":"<p>Heute berichten wir euch von der Gr\u00fcndung der iCombine UG, dem BSA Demo Day und dem ersten Einsatz von iCombine Expo auf der Langen Nacht der Startups.<\/p>\n","protected":false},"author":3,"featured_media":136,"comment_status":"open","ping_status":"open","sticky":false,"template":"","format":"standard","meta":{"_et_pb_use_builder":"","_et_pb_old_content":"","_et_gb_content_width":"","content-type":"","footnotes":""},"categories":[11],"tags":[],"class_list":["post-673","post","type-post","status-publish","format-standard","has-post-thumbnail","hentry","category-news"],"yoast_head":"<!-- This site is optimized with the Yoast SEO plugin v20.11 - https:\/\/yoast.com\/wordpress\/plugins\/seo\/ -->\n<title>Gr\u00fcndung! iCombine erblickt das Licht der Welt &ndash; iCombine<\/title>\n<meta name=\"robots\" content=\"index, follow, max-snippet:-1, max-image-preview:large, max-video-preview:-1\" \/>\n<link rel=\"canonical\" href=\"https:\/\/icombine.net\/de\/blog\/icombine-erblickt-das-licht-der-welt\" \/>\n<meta property=\"og:locale\" content=\"de_DE\" \/>\n<meta property=\"og:type\" content=\"article\" \/>\n<meta property=\"og:title\" content=\"Gr\u00fcndung! iCombine erblickt das Licht der Welt &ndash; iCombine\" \/>\n<meta property=\"og:description\" content=\"Heute berichten wir euch von der Gr\u00fcndung der iCombine UG, dem BSA Demo Day und dem ersten Einsatz von iCombine Expo auf der Langen Nacht der Startups.\" \/>\n<meta property=\"og:url\" content=\"https:\/\/icombine.net\/de\/blog\/icombine-erblickt-das-licht-der-welt\" \/>\n<meta property=\"og:site_name\" content=\"iCombine\" \/>\n<meta property=\"article:publisher\" content=\"https:\/\/www.facebook.com\/iCombineProjectPad\/\" \/>\n<meta property=\"article:published_time\" content=\"2016-09-02T10:03:55+00:00\" \/>\n<meta property=\"article:modified_time\" content=\"2019-05-17T10:14:11+00:00\" \/>\n<meta property=\"og:image\" content=\"https:\/\/icombine.net\/wp-content\/uploads\/2016\/09\/13738063_1106247322754829_8299828086826644160_o-e1488368619401.jpg\" \/>\n\t<meta property=\"og:image:width\" content=\"787\" \/>\n\t<meta property=\"og:image:height\" content=\"375\" \/>\n\t<meta property=\"og:image:type\" content=\"image\/jpeg\" \/>\n<meta name=\"author\" content=\"Richard Schentke\" \/>\n<meta name=\"twitter:card\" content=\"summary_large_image\" \/>\n<meta name=\"twitter:creator\" content=\"@iCombine_\" \/>\n<meta name=\"twitter:site\" content=\"@iCombine_\" \/>\n<meta name=\"twitter:label1\" content=\"Verfasst von\" \/>\n\t<meta name=\"twitter:data1\" content=\"Richard Schentke\" \/>\n\t<meta name=\"twitter:label2\" content=\"Gesch\u00e4tzte Lesezeit\" \/>\n\t<meta name=\"twitter:data2\" content=\"2 Minuten\" \/>\n<!-- \/ Yoast SEO plugin. -->","yoast_head_json":{"title":"Gr\u00fcndung! iCombine erblickt das Licht der Welt &ndash; iCombine","robots":{"index":"index","follow":"follow","max-snippet":"max-snippet:-1","max-image-preview":"max-image-preview:large","max-video-preview":"max-video-preview:-1"},"canonical":"https:\/\/icombine.net\/de\/blog\/icombine-erblickt-das-licht-der-welt","og_locale":"de_DE","og_type":"article","og_title":"Gr\u00fcndung! iCombine erblickt das Licht der Welt &ndash; iCombine","og_description":"Heute berichten wir euch von der Gr\u00fcndung der iCombine UG, dem BSA Demo Day und dem ersten Einsatz von iCombine Expo auf der Langen Nacht der Startups.","og_url":"https:\/\/icombine.net\/de\/blog\/icombine-erblickt-das-licht-der-welt","og_site_name":"iCombine","article_publisher":"https:\/\/www.facebook.com\/iCombineProjectPad\/","article_published_time":"2016-09-02T10:03:55+00:00","article_modified_time":"2019-05-17T10:14:11+00:00","og_image":[{"width":787,"height":375,"url":"https:\/\/icombine.net\/wp-content\/uploads\/2016\/09\/13738063_1106247322754829_8299828086826644160_o-e1488368619401.jpg","type":"image\/jpeg"}],"author":"Richard Schentke","twitter_card":"summary_large_image","twitter_creator":"@iCombine_","twitter_site":"@iCombine_","twitter_misc":{"Verfasst von":"Richard Schentke","Gesch\u00e4tzte Lesezeit":"2 Minuten"},"schema":{"@context":"https:\/\/schema.org","@graph":[{"@type":"Article","@id":"https:\/\/icombine.net\/de\/blog\/icombine-erblickt-das-licht-der-welt#article","isPartOf":{"@id":"https:\/\/icombine.net\/de\/blog\/icombine-erblickt-das-licht-der-welt"},"author":{"name":"Richard Schentke","@id":"https:\/\/icombine.net\/de#\/schema\/person\/bedfde5af9e0e9f15f180324a32ab7a7"},"headline":"Gr\u00fcndung! iCombine erblickt das Licht der Welt","datePublished":"2016-09-02T10:03:55+00:00","dateModified":"2019-05-17T10:14:11+00:00","mainEntityOfPage":{"@id":"https:\/\/icombine.net\/de\/blog\/icombine-erblickt-das-licht-der-welt"},"wordCount":349,"commentCount":0,"publisher":{"@id":"https:\/\/icombine.net\/de#organization"},"articleSection":["News"],"inLanguage":"de-DE","potentialAction":[{"@type":"CommentAction","name":"Comment","target":["https:\/\/icombine.net\/de\/blog\/icombine-erblickt-das-licht-der-welt#respond"]}]},{"@type":"WebPage","@id":"https:\/\/icombine.net\/de\/blog\/icombine-erblickt-das-licht-der-welt","url":"https:\/\/icombine.net\/de\/blog\/icombine-erblickt-das-licht-der-welt","name":"Gr\u00fcndung! iCombine erblickt das Licht der Welt &ndash; iCombine","isPartOf":{"@id":"https:\/\/icombine.net\/de#website"},"datePublished":"2016-09-02T10:03:55+00:00","dateModified":"2019-05-17T10:14:11+00:00","breadcrumb":{"@id":"https:\/\/icombine.net\/de\/blog\/icombine-erblickt-das-licht-der-welt#breadcrumb"},"inLanguage":"de-DE","potentialAction":[{"@type":"ReadAction","target":["https:\/\/icombine.net\/de\/blog\/icombine-erblickt-das-licht-der-welt"]}]},{"@type":"BreadcrumbList","@id":"https:\/\/icombine.net\/de\/blog\/icombine-erblickt-das-licht-der-welt#breadcrumb","itemListElement":[{"@type":"ListItem","position":1,"name":"Home","item":"https:\/\/icombine.net\/de\/start"},{"@type":"ListItem","position":2,"name":"Gr\u00fcndung! iCombine erblickt das Licht der Welt"}]},{"@type":"WebSite","@id":"https:\/\/icombine.net\/de#website","url":"https:\/\/icombine.net\/de","name":"iCombine","description":"The workforce organization platform","publisher":{"@id":"https:\/\/icombine.net\/de#organization"},"potentialAction":[{"@type":"SearchAction","target":{"@type":"EntryPoint","urlTemplate":"https:\/\/icombine.net\/de?s={search_term_string}"},"query-input":"required name=search_term_string"}],"inLanguage":"de-DE"},{"@type":"Organization","@id":"https:\/\/icombine.net\/de#organization","name":"iCombine","url":"https:\/\/icombine.net\/de","logo":{"@type":"ImageObject","inLanguage":"de-DE","@id":"https:\/\/icombine.net\/de#\/schema\/logo\/image\/","url":"https:\/\/icombine.net\/wp-content\/uploads\/logo-icombine.png","contentUrl":"https:\/\/icombine.net\/wp-content\/uploads\/logo-icombine.png","width":532,"height":262,"caption":"iCombine"},"image":{"@id":"https:\/\/icombine.net\/de#\/schema\/logo\/image\/"},"sameAs":["https:\/\/www.facebook.com\/iCombineProjectPad\/","https:\/\/twitter.com\/iCombine_","https:\/\/www.linkedin.com\/company\/17972341\/"]},{"@type":"Person","@id":"https:\/\/icombine.net\/de#\/schema\/person\/bedfde5af9e0e9f15f180324a32ab7a7","name":"Richard Schentke","image":{"@type":"ImageObject","inLanguage":"de-DE","@id":"https:\/\/icombine.net\/de#\/schema\/person\/image\/","url":"https:\/\/secure.gravatar.com\/avatar\/76950531786497e342402aa2b2aa81d39bf94f1ec28c675374b184490c357e02?s=96&d=mm&r=g","contentUrl":"https:\/\/secure.gravatar.com\/avatar\/76950531786497e342402aa2b2aa81d39bf94f1ec28c675374b184490c357e02?s=96&d=mm&r=g","caption":"Richard Schentke"}}]}},"_links":{"self":[{"href":"https:\/\/icombine.net\/de\/wp-json\/wp\/v2\/posts\/673","targetHints":{"allow":["GET"]}}],"collection":[{"href":"https:\/\/icombine.net\/de\/wp-json\/wp\/v2\/posts"}],"about":[{"href":"https:\/\/icombine.net\/de\/wp-json\/wp\/v2\/types\/post"}],"author":[{"embeddable":true,"href":"https:\/\/icombine.net\/de\/wp-json\/wp\/v2\/users\/3"}],"replies":[{"embeddable":true,"href":"https:\/\/icombine.net\/de\/wp-json\/wp\/v2\/comments?post=673"}],"version-history":[{"count":0,"href":"https:\/\/icombine.net\/de\/wp-json\/wp\/v2\/posts\/673\/revisions"}],"wp:featuredmedia":[{"embeddable":true,"href":"https:\/\/icombine.net\/de\/wp-json\/wp\/v2\/media\/136"}],"wp:attachment":[{"href":"https:\/\/icombine.net\/de\/wp-json\/wp\/v2\/media?parent=673"}],"wp:term":[{"taxonomy":"category","embeddable":true,"href":"https:\/\/icombine.net\/de\/wp-json\/wp\/v2\/categories?post=673"},{"taxonomy":"post_tag","embeddable":true,"href":"https:\/\/icombine.net\/de\/wp-json\/wp\/v2\/tags?post=673"}],"curies":[{"name":"wp","href":"https:\/\/api.w.org\/{rel}","templated":true}]}}