{"id":672,"date":"2017-01-31T15:22:05","date_gmt":"2017-01-31T14:22:05","guid":{"rendered":"http:\/\/blog.icombinenet.wpengine.com\/?p=44"},"modified":"2019-05-17T10:51:36","modified_gmt":"2019-05-17T09:51:36","slug":"zukunft-von-karrieremessen","status":"publish","type":"post","link":"https:\/\/icombine.net\/de\/blog\/zukunft-von-karrieremessen","title":{"rendered":"Wie k\u00f6nnen Karrieremessen in Zukunft Jobsuchende und Arbeitgeber erfolgreicher zusammenbringen?"},"content":{"rendered":"<p>Eines ist jedem klar: Einen richtig guten Job zu finden erfordert gro\u00dfe Anstrengungen. Im Dschungel der Jobplattformen, Karriereevents und Werbeanzeigen den passenden Arbeitgeber zu identifizieren wird somit zur Geduldsprobe &#8211; oder leider oftmals dem Zufall \u00fcberlassen.<\/p>\n<p>Es ist jedoch genauso herausfordernd f\u00fcr Arbeitgeber, gute Mitarbeiter zu finden und einzustellen. Einfach nur Stellen online zu inserieren, Pr\u00e4senz zu zeigen und &#8222;bunte Bilder&#8220; zu vermarkten reicht in der heutigen Wettbewerbssituation lange nicht mehr aus. Deshalb m\u00fcssen die genutzten Rekrutierungskan\u00e4le auf den Pr\u00fcfstand gestellt -und optimiert- werden.<\/p>\n<div id=\"attachment_74\" style=\"width: 317px\" class=\"wp-caption alignleft\"><img loading=\"lazy\" decoding=\"async\" aria-describedby=\"caption-attachment-74\" class=\"wp-image-74 \" src=\"https:\/\/icombine.net\/wp-content\/uploads\/2017\/01\/expo-stand-square-300x300.jpg\" width=\"307\" height=\"307\" srcset=\"https:\/\/icombine.net\/wp-content\/uploads\/2017\/01\/expo-stand-square-300x300.jpg 300w, https:\/\/icombine.net\/wp-content\/uploads\/2017\/01\/expo-stand-square-150x150.jpg 150w, https:\/\/icombine.net\/wp-content\/uploads\/2017\/01\/expo-stand-square-768x767.jpg 768w, https:\/\/icombine.net\/wp-content\/uploads\/2017\/01\/expo-stand-square-1024x1024.jpg 1024w, https:\/\/icombine.net\/wp-content\/uploads\/2017\/01\/expo-stand-square-1080x1079.jpg 1080w, https:\/\/icombine.net\/wp-content\/uploads\/2017\/01\/expo-stand-square-610x609.jpg 610w\" sizes=\"auto, (max-width: 307px) 100vw, 307px\" \/><p id=\"caption-attachment-74\" class=\"wp-caption-text\">Aussteller bedienen sich vieler visueller Mittel um Besucher anzulocken, doch eine echte Strategie fehlt h\u00e4ufig.<\/p><\/div>\n<p>In diesem\u00a0Blog setzen\u00a0wir uns kritisch mit diesen Kan\u00e4len auseinander und tragen die Herausforderungen aus Kandidaten- und Unternehmenssicht zusammen. Unsere Darstellungen beruhen auf Erkenntnisse, die wir durch Umfragen sowie Gespr\u00e4che mit Branchenpartnern gesammelt haben. Dieses Wissen stellt ferner die Grundlage unserer kundenorientierten Softwareentwicklung dar.<!--more--><\/p>\n<h2><strong>Auf dem Pr\u00fcfstand: Karrieremessen<\/strong><\/h2>\n<div id=\"attachment_55\" style=\"width: 310px\" class=\"wp-caption alignright\"><img loading=\"lazy\" decoding=\"async\" aria-describedby=\"caption-attachment-55\" class=\"wp-image-55 size-medium\" src=\"https:\/\/icombine.net\/wp-content\/uploads\/2017\/01\/Job-wall-300x233.png\" width=\"300\" height=\"233\" srcset=\"https:\/\/icombine.net\/wp-content\/uploads\/2017\/01\/Job-wall-300x233.png 300w, https:\/\/icombine.net\/wp-content\/uploads\/2017\/01\/Job-wall-768x596.png 768w, https:\/\/icombine.net\/wp-content\/uploads\/2017\/01\/Job-wall-1024x795.png 1024w, https:\/\/icombine.net\/wp-content\/uploads\/2017\/01\/Job-wall-1080x838.png 1080w, https:\/\/icombine.net\/wp-content\/uploads\/2017\/01\/Job-wall-610x473.png 610w, https:\/\/icombine.net\/wp-content\/uploads\/2017\/01\/Job-wall.png 1411w\" sizes=\"auto, (max-width: 300px) 100vw, 300px\" \/><p id=\"caption-attachment-55\" class=\"wp-caption-text\">Eine &#8222;Jobwall&#8220;, typisch f\u00fcr Karrieremessen. Geht das nicht auch einfacher?<\/p><\/div>\n<p>Diese Situation kennt jeder, der schon einmal eine Karrieremesse besucht hat: Du schreitest\u00a0durch die Hallen\u00a0und bist erst einmal komplett \u00fcberw\u00e4ltigt. Die vielen St\u00e4nde der Aussteller, die sich \u00fcberragenden audio-visuellen Eindr\u00fccke, die Anzahl der Stellen auf der &#8222;Jobwall&#8220; (siehe Foto) und der 100+ Seiten lange Messekatalog fordern deine Aufmerksamkeit. Auf die Frage, welche Aussteller nun genau das anbieten, was einen selbst interessiert, haben die meisten Besucher jedoch keine Antwort.<\/p>\n<h3><strong>Orientierungslosigkeit\u00a0der Besucher<\/strong><\/h3>\n<p>In einer Umfrage, die iCombine mit 140 Ausstellern auf Karrieremessen durchgef\u00fchrt hat, bem\u00e4ngelten 79% der Befragten die Orientierungslosigkeit der Besucher.\u00a0Oftmals w\u00fcrden Besucher die Messe nutzen, um sich am Stand der Aussteller \u00fcber generelle Einsatzm\u00f6glichkeiten beraten zu lassen, ohne sich vorher selbst \u00fcber die g\u00e4ngigen Medien zu informieren. Die Erwartungshaltung der Jobsuchenden sei\u00a0in vielen F\u00e4llen unrealistisch. Die Aussteller w\u00fcnschten sich\u00a0weniger oberfl\u00e4chliche Gespr\u00e4che, sondern Besucher mit wahrem Interesse und konkreten Bezugspunkten.<\/p>\n<h3>Ahnungslosigkeit der Aussteller<\/h3>\n<p>86% der ausstellenden\u00a0Unternehmen m\u00f6chten mithilfe der Messe neue\u00a0Mitarbeiter gewinnen. 54% w\u00fcssten allerdings nicht genau, wie sie Besucher zu ihrem Stand locken. Das ist tragisch! Auf der einen Seite w\u00fcnschen sie sich Gespr\u00e4che mit passenden Kandidaten, auf der anderen Seite haben sie keine messbare Akquisitionsstrategie. Der Zufall spielt hier bislang eine viel zu gro\u00dfe Rolle. Somit f\u00e4llt es auch schwer, auf der Messe mit der Zielgruppe in Kontakt zu kommen und etwas \u00fcber sie zu lernen.<\/p>\n<h3>Auswertung der Gespr\u00e4che und Bewerbungen<\/h3>\n<p>Aussteller bewerten ihren Messebesuch anhand verschiedener Kennzahlen wie die Anzahl der Gespr\u00e4che, die Anzahl der Bewerbungen und die Anzahl darauf folgender Einstellungen.\u00a071% w\u00fcnschten sich eine M\u00f6glichkeit, ihre Gespr\u00e4che und Bewerbungen strukturierter dokumentieren und auswerten zu k\u00f6nnen, um die Nachbereitung zu erleichtern.\u00a0Die g\u00e4ngigste Methode ist bislang das Ausf\u00fcllen von Gespr\u00e4chserfassungsb\u00f6gen und die Annahme von Bewerbungsunterlagen auf der Messe. Allerdings nimmt eine steigende Anzahl der Aussteller aufgrund der Handhabbarkeit keine Unterlagen mehr an, und verweist stattdessen auf die Onlinebewerbung.<\/p>\n<h3>Wie sieht die Zukunft von Karrieremessen aus?<\/h3>\n<p>Messen bleiben eine gute Gelegenheit, den\u00a0potentiellen Arbeitgeber oder Kandidaten in zwangloserer Atmosph\u00e4re (im Vergleich zum Bewerbungsgespr\u00e4ch) kennen zu lernen.\u00a0Auf die Frage, was helfen w\u00fcrde den Erfolg von Karrieremessen zu steigern, haben wir unter anderem folgende Antworten erhalten:<\/p>\n<blockquote><p>\u201eEine Matching-Tool, das Besucher nach Qualit\u00e4t &amp; Skills filtert und passende Besucher an den eigenen Stand lotst.\u201c<\/p>\n<p>\u201eVorselektion der Kandidaten f\u00fcr ein pers\u00f6nliches Interview auf der Messe, inklusive Terminierung.\u201c<\/p>\n<p>\u201eEin Tool, in dem ich Daten des Besuchers sehe, Notizen mache und Follow-Ups definiere.<\/p><\/blockquote>\n<h3>Fazit<\/h3>\n<p>Ja, Karrieremessen k\u00f6nnen auch in Zukunft zum Erfolg in der Job- oder Kandidatensuche f\u00fchren.\u00a0Damit passende Aussteller und Besucher effizient zueinander finden, sollten Karrieremessen ihr Portfolio allerdings um eine digitale Komponente erweitern.<\/p>\n<p>Die Umfrage im vergangenen Jahr hat uns bekr\u00e4ftigt, eine Softwarel\u00f6sung f\u00fcr Aussteller und Besucher zu entwickeln. Sie\u00a0bereichert jede Messe, indem eine automatische Vorauswahl von Besuchern und Ausstellern erm\u00f6glicht wird.\u00a0Mithilfe strukturierter Datenauswertungen k\u00f6nnen\u00a0die Besucher, Aussteller und der Veranstalter viel \u00fcbereinander lernen. Das schafft\u00a0Orientierung, realistische Erwartungen und Messbarkeit zum Vorteil aller Beteiligten. Letztendlich kann\u00a0der pers\u00f6nliche Kontakt durch die Vernetzung digitaler Besucher- und Ausstellerprofile dokumentiert, weitergef\u00fchrt und vertieft werden.<\/p>\n<p>Wir danken den Teilnehmern unserer Befragung f\u00fcr ihre offene Meinung. Der vollst\u00e4ndige &#8222;Expo Trends 2016&#8220; Report steht nunmehr allen Interessenten zum <a href=\"https:\/\/icombine.net\/wp-content\/uploads\/2017\/01\/1.-Expo-Trends-2016-Ausstellerbefragung-iCombine.pdf\" target=\"_blank\" rel=\"noopener noreferrer\">Download<\/a> bereit.<\/p>\n<p>Welche Erfahrungen hast du auf Karrieremessen gemacht? Was muss besser werden? Wir freuen uns auf dein Statement in den Kommentaren.<\/p>\n<h3>Update aus der Redaktion<\/h3>\n<p>Die Entwicklung unserer Softwarel\u00f6sung f\u00fcr Messen, auch <em>iCombine Expo<\/em> genannt, haben wir eingestellt. Alles \u00fcber diese \u00c4nderung erf\u00e4hrst du <a href=\"https:\/\/icombine.net\/de\/blog\/pivot-validation-launch-2017\" target=\"_blank\" rel=\"noopener noreferrer\">hier<\/a>.<\/p>\n","protected":false},"excerpt":{"rendered":"<p>Im vergangenen Jahr f\u00fchrten wir 140 Interviews mit Ausstellern auf Karrieremessen durch. Dabei haben wir herausgefunden, wie Karrieremessen in Zukunft Jobsuchende und Arbeitgeber noch erfolgreicher zusammenbringen k\u00f6nnen.<\/p>\n","protected":false},"author":3,"featured_media":56,"comment_status":"open","ping_status":"open","sticky":false,"template":"","format":"standard","meta":{"_et_pb_use_builder":"","_et_pb_old_content":"","_et_gb_content_width":"","content-type":"","footnotes":""},"categories":[11],"tags":[],"class_list":["post-672","post","type-post","status-publish","format-standard","has-post-thumbnail","hentry","category-news"],"yoast_head":"<!-- This site is optimized with the Yoast SEO plugin v20.11 - https:\/\/yoast.com\/wordpress\/plugins\/seo\/ -->\n<title>Wie k\u00f6nnen Karrieremessen in Zukunft Jobsuchende und Arbeitgeber erfolgreicher zusammenbringen? &ndash; iCombine<\/title>\n<meta name=\"robots\" content=\"index, follow, max-snippet:-1, max-image-preview:large, max-video-preview:-1\" \/>\n<link rel=\"canonical\" href=\"https:\/\/icombine.net\/de\/blog\/zukunft-von-karrieremessen\" \/>\n<meta property=\"og:locale\" content=\"de_DE\" \/>\n<meta property=\"og:type\" content=\"article\" \/>\n<meta property=\"og:title\" content=\"Wie k\u00f6nnen Karrieremessen in Zukunft Jobsuchende und Arbeitgeber erfolgreicher zusammenbringen? &ndash; iCombine\" \/>\n<meta property=\"og:description\" content=\"Im vergangenen Jahr f\u00fchrten wir 140 Interviews mit Ausstellern auf Karrieremessen durch. Dabei haben wir herausgefunden, wie Karrieremessen in Zukunft Jobsuchende und Arbeitgeber noch erfolgreicher zusammenbringen k\u00f6nnen.\" \/>\n<meta property=\"og:url\" content=\"https:\/\/icombine.net\/de\/blog\/zukunft-von-karrieremessen\" \/>\n<meta property=\"og:site_name\" content=\"iCombine\" \/>\n<meta property=\"article:publisher\" content=\"https:\/\/www.facebook.com\/iCombineProjectPad\/\" \/>\n<meta property=\"article:published_time\" content=\"2017-01-31T14:22:05+00:00\" \/>\n<meta property=\"article:modified_time\" content=\"2019-05-17T09:51:36+00:00\" \/>\n<meta property=\"og:image\" content=\"https:\/\/icombine.net\/wp-content\/uploads\/2017\/01\/Messe.jpg\" \/>\n\t<meta property=\"og:image:width\" content=\"3264\" \/>\n\t<meta property=\"og:image:height\" content=\"953\" \/>\n\t<meta property=\"og:image:type\" content=\"image\/jpeg\" \/>\n<meta name=\"author\" content=\"Richard Schentke\" \/>\n<meta name=\"twitter:card\" content=\"summary_large_image\" \/>\n<meta name=\"twitter:creator\" content=\"@iCombine_\" \/>\n<meta name=\"twitter:site\" content=\"@iCombine_\" \/>\n<meta name=\"twitter:label1\" content=\"Verfasst von\" \/>\n\t<meta name=\"twitter:data1\" content=\"Richard Schentke\" \/>\n\t<meta name=\"twitter:label2\" content=\"Gesch\u00e4tzte Lesezeit\" \/>\n\t<meta name=\"twitter:data2\" content=\"4 Minuten\" \/>\n<!-- \/ Yoast SEO plugin. -->","yoast_head_json":{"title":"Wie k\u00f6nnen Karrieremessen in Zukunft Jobsuchende und Arbeitgeber erfolgreicher zusammenbringen? &ndash; iCombine","robots":{"index":"index","follow":"follow","max-snippet":"max-snippet:-1","max-image-preview":"max-image-preview:large","max-video-preview":"max-video-preview:-1"},"canonical":"https:\/\/icombine.net\/de\/blog\/zukunft-von-karrieremessen","og_locale":"de_DE","og_type":"article","og_title":"Wie k\u00f6nnen Karrieremessen in Zukunft Jobsuchende und Arbeitgeber erfolgreicher zusammenbringen? &ndash; iCombine","og_description":"Im vergangenen Jahr f\u00fchrten wir 140 Interviews mit Ausstellern auf Karrieremessen durch. Dabei haben wir herausgefunden, wie Karrieremessen in Zukunft Jobsuchende und Arbeitgeber noch erfolgreicher zusammenbringen k\u00f6nnen.","og_url":"https:\/\/icombine.net\/de\/blog\/zukunft-von-karrieremessen","og_site_name":"iCombine","article_publisher":"https:\/\/www.facebook.com\/iCombineProjectPad\/","article_published_time":"2017-01-31T14:22:05+00:00","article_modified_time":"2019-05-17T09:51:36+00:00","og_image":[{"width":3264,"height":953,"url":"https:\/\/icombine.net\/wp-content\/uploads\/2017\/01\/Messe.jpg","type":"image\/jpeg"}],"author":"Richard Schentke","twitter_card":"summary_large_image","twitter_creator":"@iCombine_","twitter_site":"@iCombine_","twitter_misc":{"Verfasst von":"Richard Schentke","Gesch\u00e4tzte Lesezeit":"4 Minuten"},"schema":{"@context":"https:\/\/schema.org","@graph":[{"@type":"Article","@id":"https:\/\/icombine.net\/de\/blog\/zukunft-von-karrieremessen#article","isPartOf":{"@id":"https:\/\/icombine.net\/de\/blog\/zukunft-von-karrieremessen"},"author":{"name":"Richard Schentke","@id":"https:\/\/icombine.net\/de#\/schema\/person\/bedfde5af9e0e9f15f180324a32ab7a7"},"headline":"Wie k\u00f6nnen Karrieremessen in Zukunft Jobsuchende und Arbeitgeber erfolgreicher zusammenbringen?","datePublished":"2017-01-31T14:22:05+00:00","dateModified":"2019-05-17T09:51:36+00:00","mainEntityOfPage":{"@id":"https:\/\/icombine.net\/de\/blog\/zukunft-von-karrieremessen"},"wordCount":804,"commentCount":0,"publisher":{"@id":"https:\/\/icombine.net\/de#organization"},"articleSection":["News"],"inLanguage":"de-DE","potentialAction":[{"@type":"CommentAction","name":"Comment","target":["https:\/\/icombine.net\/de\/blog\/zukunft-von-karrieremessen#respond"]}]},{"@type":"WebPage","@id":"https:\/\/icombine.net\/de\/blog\/zukunft-von-karrieremessen","url":"https:\/\/icombine.net\/de\/blog\/zukunft-von-karrieremessen","name":"Wie k\u00f6nnen Karrieremessen in Zukunft Jobsuchende und Arbeitgeber erfolgreicher zusammenbringen? &ndash; iCombine","isPartOf":{"@id":"https:\/\/icombine.net\/de#website"},"datePublished":"2017-01-31T14:22:05+00:00","dateModified":"2019-05-17T09:51:36+00:00","breadcrumb":{"@id":"https:\/\/icombine.net\/de\/blog\/zukunft-von-karrieremessen#breadcrumb"},"inLanguage":"de-DE","potentialAction":[{"@type":"ReadAction","target":["https:\/\/icombine.net\/de\/blog\/zukunft-von-karrieremessen"]}]},{"@type":"BreadcrumbList","@id":"https:\/\/icombine.net\/de\/blog\/zukunft-von-karrieremessen#breadcrumb","itemListElement":[{"@type":"ListItem","position":1,"name":"Home","item":"https:\/\/icombine.net\/de\/start"},{"@type":"ListItem","position":2,"name":"Wie k\u00f6nnen Karrieremessen in Zukunft Jobsuchende und Arbeitgeber erfolgreicher zusammenbringen?"}]},{"@type":"WebSite","@id":"https:\/\/icombine.net\/de#website","url":"https:\/\/icombine.net\/de","name":"iCombine","description":"The workforce organization platform","publisher":{"@id":"https:\/\/icombine.net\/de#organization"},"potentialAction":[{"@type":"SearchAction","target":{"@type":"EntryPoint","urlTemplate":"https:\/\/icombine.net\/de?s={search_term_string}"},"query-input":"required name=search_term_string"}],"inLanguage":"de-DE"},{"@type":"Organization","@id":"https:\/\/icombine.net\/de#organization","name":"iCombine","url":"https:\/\/icombine.net\/de","logo":{"@type":"ImageObject","inLanguage":"de-DE","@id":"https:\/\/icombine.net\/de#\/schema\/logo\/image\/","url":"https:\/\/icombine.net\/wp-content\/uploads\/logo-icombine.png","contentUrl":"https:\/\/icombine.net\/wp-content\/uploads\/logo-icombine.png","width":532,"height":262,"caption":"iCombine"},"image":{"@id":"https:\/\/icombine.net\/de#\/schema\/logo\/image\/"},"sameAs":["https:\/\/www.facebook.com\/iCombineProjectPad\/","https:\/\/twitter.com\/iCombine_","https:\/\/www.linkedin.com\/company\/17972341\/"]},{"@type":"Person","@id":"https:\/\/icombine.net\/de#\/schema\/person\/bedfde5af9e0e9f15f180324a32ab7a7","name":"Richard Schentke","image":{"@type":"ImageObject","inLanguage":"de-DE","@id":"https:\/\/icombine.net\/de#\/schema\/person\/image\/","url":"https:\/\/secure.gravatar.com\/avatar\/76950531786497e342402aa2b2aa81d39bf94f1ec28c675374b184490c357e02?s=96&d=mm&r=g","contentUrl":"https:\/\/secure.gravatar.com\/avatar\/76950531786497e342402aa2b2aa81d39bf94f1ec28c675374b184490c357e02?s=96&d=mm&r=g","caption":"Richard Schentke"}}]}},"_links":{"self":[{"href":"https:\/\/icombine.net\/de\/wp-json\/wp\/v2\/posts\/672","targetHints":{"allow":["GET"]}}],"collection":[{"href":"https:\/\/icombine.net\/de\/wp-json\/wp\/v2\/posts"}],"about":[{"href":"https:\/\/icombine.net\/de\/wp-json\/wp\/v2\/types\/post"}],"author":[{"embeddable":true,"href":"https:\/\/icombine.net\/de\/wp-json\/wp\/v2\/users\/3"}],"replies":[{"embeddable":true,"href":"https:\/\/icombine.net\/de\/wp-json\/wp\/v2\/comments?post=672"}],"version-history":[{"count":0,"href":"https:\/\/icombine.net\/de\/wp-json\/wp\/v2\/posts\/672\/revisions"}],"wp:featuredmedia":[{"embeddable":true,"href":"https:\/\/icombine.net\/de\/wp-json\/wp\/v2\/media\/56"}],"wp:attachment":[{"href":"https:\/\/icombine.net\/de\/wp-json\/wp\/v2\/media?parent=672"}],"wp:term":[{"taxonomy":"category","embeddable":true,"href":"https:\/\/icombine.net\/de\/wp-json\/wp\/v2\/categories?post=672"},{"taxonomy":"post_tag","embeddable":true,"href":"https:\/\/icombine.net\/de\/wp-json\/wp\/v2\/tags?post=672"}],"curies":[{"name":"wp","href":"https:\/\/api.w.org\/{rel}","templated":true}]}}