{"id":1928,"date":"2019-06-25T13:36:42","date_gmt":"2019-06-25T12:36:42","guid":{"rendered":"https:\/\/icombine.net\/?p=1928"},"modified":"2022-06-08T16:03:14","modified_gmt":"2022-06-08T15:03:14","slug":"was-ist-flexwork","status":"publish","type":"post","link":"https:\/\/icombine.net\/de\/blog\/was-ist-flexwork","title":{"rendered":"Was ist Flexwork? Bedeutung und Vorteile"},"content":{"rendered":"<p><span style=\"font-weight: 400;\">Wo man auch hinschaut, \u00fcberall wird \u00fcber die <\/span><b>Zukunft der Arbeit<\/b><span style=\"font-weight: 400;\"> gesprochen. Das kommt nicht von ungef\u00e4hr. Wissenschaftler, Politiker und Wirtschaftsweise besch\u00e4ftigen sich intensiv mit der Frage, welche Auswirkungen unsere vernetzte, schnelllebige und komplexer werdende Welt auf Organisationen und Individuen hat. Zu den bedeutendsten Einflussfaktoren z\u00e4hlen:<\/span><\/p>\n<div id=\"attachment_1935\" style=\"width: 333px\" class=\"wp-caption alignright\"><img loading=\"lazy\" decoding=\"async\" aria-describedby=\"caption-attachment-1935\" class=\" wp-image-1935\" src=\"https:\/\/icombine.net\/wp-content\/uploads\/Die-neue-Arbeitswelt-300x218.jpeg\" alt=\"\" width=\"323\" height=\"235\" srcset=\"https:\/\/icombine.net\/wp-content\/uploads\/Die-neue-Arbeitswelt-300x218.jpeg 300w, https:\/\/icombine.net\/wp-content\/uploads\/Die-neue-Arbeitswelt-768x557.jpeg 768w, https:\/\/icombine.net\/wp-content\/uploads\/Die-neue-Arbeitswelt.jpeg 1000w\" sizes=\"auto, (max-width: 323px) 100vw, 323px\" \/><p id=\"caption-attachment-1935\" class=\"wp-caption-text\">Viele Unternehmen \u00fcberdenken interne Prozesse und Arbeitsmodelle, um den Bed\u00fcrfnissen des Marktes und der Mitarbeiter gerecht zu werden.<\/p><\/div>\n<ol>\n<li><span style=\"font-weight: 400;\">der steigende <\/span><b>Automatisierungsgrad<\/b><span style=\"font-weight: 400;\"> von Routinearbeiten<\/span><\/li>\n<li style=\"font-weight: 400;\"><span style=\"font-weight: 400;\">digitale L\u00f6sungen, die unser Privatleben und t\u00e4gliche <\/span><b>Arbeitsprozesse <\/b><span style=\"font-weight: 400;\">im besten Fall<\/span><b> erleichtern, <\/b><span style=\"font-weight: 400;\">in jedem Fall aber deutlich ver\u00e4ndern<\/span><\/li>\n<li style=\"font-weight: 400;\"><span style=\"font-weight: 400;\">der Vormarsch der <\/span><a href=\"https:\/\/iba.online\/arbeitsplatz-buero\/kreativitat-und-wissensarbeit\/wissensarbeit\/\" target=\"_blank\" rel=\"noopener noreferrer\"><b>Wissensarbeit<\/b><\/a><\/li>\n<\/ol>\n<p><span style=\"font-weight: 400;\">Unternehmer, freie Mitarbeiter, Personaler, Absolventen \u2013 alle fragen sich: Wie werden wir <\/span><b>morgen<\/b><span style=\"font-weight: 400;\"> arbeiten? In welchen <\/span><b>Strukturen<\/b><span style=\"font-weight: 400;\"> und zu welchen <\/span><b>Konditionen<\/b><span style=\"font-weight: 400;\">? Was f\u00fcr Bedingungen k\u00f6nnen und m\u00fcssen gegeben sein, damit wir alle profitieren? Auf diese Fragen m\u00fcssen viele Antworten gefunden werden, denn insbesondere f\u00fcr das <\/span><a href=\"https:\/\/www.betterhr.de\/mitarbeitermotivation\/\" target=\"_blank\" rel=\"noopener noreferrer\"><span style=\"font-weight: 400;\">Thema Mitarbeitermotivation<\/span><\/a><span style=\"font-weight: 400;\"> sind diese relevant. In diesem Artikel stellen wir einen L\u00f6sungsansatz vor: <\/span><i><span style=\"font-weight: 400;\">Flexwork<\/span><\/i><span style=\"font-weight: 400;\">.<\/span><\/p>\n<p>&nbsp;<\/p>\n<h2><span style=\"font-weight: 400;\">Arbeitsmodelle sollten individuell gestaltet werden<\/span><\/h2>\n<p><b>Starre Arbeitsmodelle<\/b><span style=\"font-weight: 400;\"> k\u00f6nnen die <\/span><b>Flexibilit\u00e4t<\/b><span style=\"font-weight: 400;\"> von Unternehmen behindern, egal welche Organisationsform sie haben. Zeitlich und \u00f6rtlich flexibles Arbeiten, auch <\/span><b>Flexwork<\/b><span style=\"font-weight: 400;\"> genannt, ist eine wichtige Strategie, wenn es darum geht, Unternehmen fit f\u00fcr die Zukunft zu machen. Doch was bedeutet das genau? Tats\u00e4chlich sind einige Aspekte von Flexwork schon jetzt Teil der modernen Arbeitswelt. <\/span><b>Teilzeitvertr\u00e4ge<\/b><span style=\"font-weight: 400;\">, <\/span><b>gleitende Arbeitszeiten<\/b><span style=\"font-weight: 400;\">, <\/span><b>Vertrauensarbeitszeiten<\/b><span style=\"font-weight: 400;\">, flexible <\/span><b>Urlaubsregelungen<\/b><span style=\"font-weight: 400;\">, <\/span><b>Home-Office<\/b><span style=\"font-weight: 400;\"> sowie <\/span><b>Coworking-Spaces<\/b><span style=\"font-weight: 400;\"> sind Aspekte flexibler Arbeitsorganisation und heute nicht mehr exotisch. Im Kern geht es darum, Arbeitszeit und Arbeitsumfeld den neu entstehenden Bedingungen anzupassen. So k\u00f6nnen Unternehmen beispielsweise direkt auf saisonale und konjunkturelle Schwankungen oder sich kurzfristig \u00e4ndernde Kundenbed\u00fcrfnisse reagieren.<\/span><\/p>\n<p>&nbsp;<\/p>\n<h2><span style=\"font-weight: 400;\">Flexibilisierung der Arbeitszeit<\/span><\/h2>\n<p><span style=\"font-weight: 400;\">Mitarbeiter, die \u00fcberwiegend in <\/span><b>Projekten<\/b><span style=\"font-weight: 400;\"> eingesetzt sind, arbeiten, wenn eine anstehende Aufgabe es erfordert. Sie besitzen ein <\/span><b>Zeitkonto<\/b><span style=\"font-weight: 400;\">, welches je nach Auftragslage \u201cbe- oder entlastet\u201d werden kann. Sie arbeiten also <\/span><b>kapazit\u00e4tsorientiert<\/b><span style=\"font-weight: 400;\">. Eine steigende Zahl von Unternehmen koordiniert \u00fcbrigens auch interne Aufgaben, die keinen direkten Bezug zu Kundenauftr\u00e4gen haben, als eigenst\u00e4ndige Projekte. Entsprechende <\/span><b>Transparenz<\/b><span style=\"font-weight: 400;\"> vorausgesetzt, k\u00f6nnen sich Mitarbeiter gem\u00e4\u00df ihrer individuellen Kompetenzen und Verf\u00fcgbarkeiten besonders dort einbringen, wo sie aktuell gebraucht werden. Diese Art der Arbeit erfordert jedoch einen hohen Grad an Koordination. <\/span><b>Planungsprozesse<\/b><span style=\"font-weight: 400;\"> sollten klar, transparent, kunden- und mitarbeitergerecht gestaltet werden, damit <\/span><a href=\"https:\/\/icombine.net\/de\/blog\/warum-in-der-projektarbeit-die-zukunft-unserer-generation-y-liegt\" target=\"_blank\" rel=\"noopener noreferrer\"><span style=\"font-weight: 400;\">die Vorteile dieser projektbezogenen Struktur<\/span><\/a><span style=\"font-weight: 400;\"> zum Tragen kommen. <\/span><\/p>\n<p>&nbsp;<\/p>\n<h2><span style=\"font-weight: 400;\">Flexibilisierung des Arbeitsortes<\/span><\/h2>\n<div id=\"attachment_1933\" style=\"width: 306px\" class=\"wp-caption alignleft\"><img loading=\"lazy\" decoding=\"async\" aria-describedby=\"caption-attachment-1933\" class=\" wp-image-1933\" src=\"https:\/\/icombine.net\/wp-content\/uploads\/Teamarbeit-zu-Zeiten-und-an-unterschiedlichen-Orten-300x200.jpeg\" alt=\"\" width=\"296\" height=\"197\" srcset=\"https:\/\/icombine.net\/wp-content\/uploads\/Teamarbeit-zu-Zeiten-und-an-unterschiedlichen-Orten-300x200.jpeg 300w, https:\/\/icombine.net\/wp-content\/uploads\/Teamarbeit-zu-Zeiten-und-an-unterschiedlichen-Orten-768x512.jpeg 768w, https:\/\/icombine.net\/wp-content\/uploads\/Teamarbeit-zu-Zeiten-und-an-unterschiedlichen-Orten.jpeg 800w\" sizes=\"auto, (max-width: 296px) 100vw, 296px\" \/><p id=\"caption-attachment-1933\" class=\"wp-caption-text\">Auch Teamarbeit kann effektiver sein, wenn sie an anderen Orten und zu selbst gew\u00e4hlten Zeiten geschieht.<\/p><\/div>\n<p><b>Home-Office-Tage<\/b><span style=\"font-weight: 400;\"> und <\/span><b>Coworking Spaces<\/b><span style=\"font-weight: 400;\"> sind in vielen Firmen bereits fester Bestandteil der Unternehmenskultur. Einen Teil der Wochenarbeitszeit leisten die Mitarbeiterinnen zu Hause. An Tagen im B\u00fcro arbeiten sie an einem Platz, der in ihrer Abwesenheit auch von anderen genutzt werden kann. Das spart Kosten und st\u00e4rkt die <\/span><b>Eigenverantwortung<\/b><span style=\"font-weight: 400;\"> und <\/span><b>Effizienz<\/b><span style=\"font-weight: 400;\"> der Mitarbeiter. Traditionelle und neue Arbeitsmodelle schlie\u00dfen sich dabei keinesfalls aus. Sie k\u00f6nnen <\/span><b>erg\u00e4nzend<\/b><span style=\"font-weight: 400;\"> nebeneinander stehen. Auch hier sollte ein Augenmerk auf klare Regeln gelegt werden. Mitarbeiter, die <\/span><a href=\"https:\/\/www.hellohq.io\/glasqgel\/wie-arbeitet-ein-dezentrales-team\/\" target=\"_blank\" rel=\"noopener noreferrer\"><span style=\"font-weight: 400;\">remote<\/span><\/a><span style=\"font-weight: 400;\"> arbeiten, brauchen gut funktionierende Kommunikationskan\u00e4le und verbindliche Prozesse. \u00a0<\/span><\/p>\n<p>&nbsp;<\/p>\n<h2><span style=\"font-weight: 400;\">Die jungen Generationen leben mobiler und m\u00f6chten auch mobiler arbeiten<\/span><\/h2>\n<p><span style=\"font-weight: 400;\">Die in Zukunft st\u00e4rker geforderte Flexibilit\u00e4t in Kernbereichen des Arbeitsmarktes stellt also <\/span><b>erh\u00f6hte Anforderungen<\/b><span style=\"font-weight: 400;\"> an die Arbeitenden. Sie sollen zeitlich und \u00f6rtlich flexibel sein. Doch zu wem passen diese Bedingungen?<\/span><\/p>\n<p><span style=\"font-weight: 400;\">Die Mehrheit der Absolventen von heute sehnt sich nicht nach einer 5-Tage Woche im B\u00fcro. Die <\/span><b>Balance<\/b><span style=\"font-weight: 400;\"> von Beruf und Freizeit nimmt einen wichtigen Stellenwert im Leben der jungen Arbeitnehmer ein. Was sich zun\u00e4chst nach viel <\/span><b>Selbstverwirklichung<\/b><span style=\"font-weight: 400;\"> und wenig Elan anh\u00f6rt, ist f\u00fcr den Wandel der Arbeitswelt von Vorteil. Das Stichwort hier ist <\/span><b>Lebensstilintegration<\/b><span style=\"font-weight: 400;\">. Wichtig ist der jungen Generation, dass sie Arbeitszeiten haben, die sie ihrem Alltag anpassen k\u00f6nnen. Ob es darum geht, Familie und Beruf unter einen Hut zu bringen, oder genau dann zu arbeiten, wenn die Ideen flie\u00dfen, ist letztlich gleich. Mitarbeiter sollten kommunizieren und entscheiden, wo sie am produktivsten sind \u2013 im B\u00fcro, zu Hause oder im Caf\u00e9. Zugute kommt das letztlich allen. <\/span><\/p>\n<p>&nbsp;<\/p>\n<h2><span style=\"font-weight: 400;\">Flexibilit\u00e4t erfordert Haltung<\/span><\/h2>\n<p><span style=\"font-weight: 400;\">Die Arbeitnehmer tragen, wenn es vom Unternehmen professionell unterst\u00fctzt wird, mehr Eigenverantwortung und sind langfristig zufriedener. Es sollte beachtet werden, dass das \u201cMehr\u201d an Souver\u00e4nit\u00e4t teilweise neu erlernt werden muss &#8211; vor allem von Mitarbeitern, die zuvor unter dem <\/span><a href=\"http:\/\/news.berlitz.de\/mikromanagement-5e2o3u396\" target=\"_blank\" rel=\"noopener noreferrer\"><span style=\"font-weight: 400;\">Mikromanagement<\/span><\/a><span style=\"font-weight: 400;\"> ihrer Vorgesetzten gelitten haben. F\u00fchrungskr\u00e4fte m\u00fcssen zun\u00e4chst gegenseitiges Vertrauen ihrer Mitarbeiter aufbauen, Selbstorganisation erlauben, Aktionsbereiche zulassen und auch \u201closlassen\u201d k\u00f6nnen. Dann profitieren Unternehmen von gelebtem <\/span><b>Verantwortungsbewusstsein<\/b><span style=\"font-weight: 400;\">, <\/span><b>motivierteren Mitarbeitern <\/b><span style=\"font-weight: 400;\">und hoffentlich (!) <\/span><b>gestiegener Produktivit\u00e4t<\/b><span style=\"font-weight: 400;\">.<\/span><\/p>\n<p>&nbsp;<\/p>\n<h2><span style=\"font-weight: 400;\">Flexibilit\u00e4t erfordert Transparenz und Vernetzung<\/span><\/h2>\n<p><span style=\"font-weight: 400;\">Verantwortungsvolle Arbeit kann nur geleistet werden, wenn den Mitarbeitenden alle n\u00f6tigen Informationen vorliegen, um Entscheidungen zu treffen. Flexibilit\u00e4t erfordert deshalb ein erh\u00f6htes Ma\u00df an Transparenz und Vernetzung. Denn erst wenn Prozesse klar strukturiert und sichtbar sind, Kommunikation direkt von A nach B l\u00e4uft, und Wissen jederzeit ausgetauscht werden kann, wird Flexwork in gr\u00f6\u00dferen Organisationen oder schnelllebigen M\u00e4rkten wirklich funktionieren. Dabei helfen Kollaborations- und Kommunikationstools wie Slack oder Trello. Zeitgem\u00e4\u00dfe Workforce-Management L\u00f6sungen, <a href=\"https:\/\/icombine.net\/de\/demo-buchen\" target=\"_blank\" rel=\"noopener\">die heute mit bedeutend wenig Aufwand eingef\u00fchrt werden k\u00f6nnen<\/a>, f\u00f6rdern dar\u00fcber hinaus den Wissensaustausch und die orts\u00fcbergreifende Zusammenarbeit von Kolleg:innen. Moderne Tools sind in diesem Sinne ein Enabler, um bed\u00fcrfnisorientiertes Arbeiten handhabbar zu machen.\u00a0<\/span><\/p>\n<p>&nbsp;<\/p>\n<div id=\"attachment_1929\" style=\"width: 190px\" class=\"wp-caption alignright\"><img loading=\"lazy\" decoding=\"async\" aria-describedby=\"caption-attachment-1929\" class=\"wp-image-1929\" src=\"https:\/\/icombine.net\/wp-content\/uploads\/Ju\u0308rgen-Niemann-300x300.jpg\" alt=\"J\u00fcrgen Niemann\" width=\"180\" height=\"180\" srcset=\"https:\/\/icombine.net\/wp-content\/uploads\/Ju\u0308rgen-Niemann-300x300.jpg 300w, https:\/\/icombine.net\/wp-content\/uploads\/Ju\u0308rgen-Niemann-150x150.jpg 150w, https:\/\/icombine.net\/wp-content\/uploads\/Ju\u0308rgen-Niemann.jpg 512w\" sizes=\"auto, (max-width: 180px) 100vw, 180px\" \/><p id=\"caption-attachment-1929\" class=\"wp-caption-text\">J\u00fcrgen Niemann Gesch\u00e4ftsf\u00fchrer, betterHR<\/p><\/div>\n<h3>Unser Gastautor<\/h3>\n<p><span style=\"font-weight: 400;\">J\u00fcrgen Niemann ist leidenschaftlicher HR-Berater und Gesch\u00e4ftsf\u00fchrer des Startups <a href=\"https:\/\/www.betterhr.de\" target=\"_blank\" rel=\"noopener noreferrer\">betterHR<\/a>. Das Unternehmen hat sich zum Ziel gesetzt, Kunden eine kosteng\u00fcnstige digitale HR-Beratung zur Verf\u00fcgung zu stellen. Mit \u00fcber 24 Jahren in der Personalarbeit besitzt er einen weitreichenden Erfahrungsschatz zu den verschiedensten Themen im HR.<\/span><\/p>\n<p><span style=\"font-weight: 400;\">\u00a0<\/span><\/p>\n<p><em><a href=\"https:\/\/www.freepik.com\/free-vector\/light-bulb-people-discussing-ideas-working_4530278.htm\" target=\"_blank\" rel=\"noopener noreferrer\">Foto von Freepik.<\/a><\/em><\/p>\n","protected":false},"excerpt":{"rendered":"<p>Viele junge Talente w\u00fcnschen sich mehr Flexibilit\u00e4t. Neue Arbeitsmodelle, zu denen auch &#8222;Flexwork&#8220; geh\u00f6rt, k\u00f6nnen sehr positive Auswirkungen auf Unternehmen und Mitarbeiter haben. Unser Gastautor J\u00fcrgen beschreibt in diesem Artikel, was hinter dem Begriff steckt, und worauf geachtet werden muss.<\/p>\n","protected":false},"author":3,"featured_media":1931,"comment_status":"open","ping_status":"open","sticky":false,"template":"","format":"standard","meta":{"_et_pb_use_builder":"","_et_pb_old_content":"","_et_gb_content_width":"","content-type":"","footnotes":""},"categories":[11],"tags":[],"class_list":["post-1928","post","type-post","status-publish","format-standard","has-post-thumbnail","hentry","category-news"],"yoast_head":"<!-- This site is optimized with the Yoast SEO plugin v20.11 - https:\/\/yoast.com\/wordpress\/plugins\/seo\/ -->\n<title>Was ist Flexwork? Bedeutung und Vorteile &ndash; iCombine<\/title>\n<meta name=\"description\" content=\"Neue Arbeitsmodelle, wie &quot;Flexwork&quot;, k\u00f6nnen sehr positive Auswirkungen haben. Was steckt hinter dem Begriff, und worauf muss geachtet werden?\" \/>\n<meta name=\"robots\" content=\"index, follow, max-snippet:-1, max-image-preview:large, max-video-preview:-1\" \/>\n<link rel=\"canonical\" href=\"https:\/\/icombine.net\/de\/blog\/was-ist-flexwork\" \/>\n<meta property=\"og:locale\" content=\"de_DE\" \/>\n<meta property=\"og:type\" content=\"article\" \/>\n<meta property=\"og:title\" content=\"Was ist Flexwork? Bedeutung und Vorteile &ndash; iCombine\" \/>\n<meta property=\"og:description\" content=\"Neue Arbeitsmodelle, wie &quot;Flexwork&quot;, k\u00f6nnen sehr positive Auswirkungen haben. Was steckt hinter dem Begriff, und worauf muss geachtet werden?\" \/>\n<meta property=\"og:url\" content=\"https:\/\/icombine.net\/de\/blog\/was-ist-flexwork\" \/>\n<meta property=\"og:site_name\" content=\"iCombine\" \/>\n<meta property=\"article:publisher\" content=\"https:\/\/www.facebook.com\/iCombineProjectPad\/\" \/>\n<meta property=\"article:published_time\" content=\"2019-06-25T12:36:42+00:00\" \/>\n<meta property=\"article:modified_time\" content=\"2022-06-08T15:03:14+00:00\" \/>\n<meta property=\"og:image\" content=\"https:\/\/icombine.net\/wp-content\/uploads\/Homeoffice-Co-Working.jpg\" \/>\n\t<meta property=\"og:image:width\" content=\"700\" \/>\n\t<meta property=\"og:image:height\" content=\"446\" \/>\n\t<meta property=\"og:image:type\" content=\"image\/jpeg\" \/>\n<meta name=\"author\" content=\"Richard Schentke\" \/>\n<meta name=\"twitter:card\" content=\"summary_large_image\" \/>\n<meta name=\"twitter:creator\" content=\"@iCombine_\" \/>\n<meta name=\"twitter:site\" content=\"@iCombine_\" \/>\n<meta name=\"twitter:label1\" content=\"Verfasst von\" \/>\n\t<meta name=\"twitter:data1\" content=\"Richard Schentke\" \/>\n\t<meta name=\"twitter:label2\" content=\"Gesch\u00e4tzte Lesezeit\" \/>\n\t<meta name=\"twitter:data2\" content=\"5 Minuten\" \/>\n<!-- \/ Yoast SEO plugin. -->","yoast_head_json":{"title":"Was ist Flexwork? Bedeutung und Vorteile &ndash; iCombine","description":"Neue Arbeitsmodelle, wie \"Flexwork\", k\u00f6nnen sehr positive Auswirkungen haben. Was steckt hinter dem Begriff, und worauf muss geachtet werden?","robots":{"index":"index","follow":"follow","max-snippet":"max-snippet:-1","max-image-preview":"max-image-preview:large","max-video-preview":"max-video-preview:-1"},"canonical":"https:\/\/icombine.net\/de\/blog\/was-ist-flexwork","og_locale":"de_DE","og_type":"article","og_title":"Was ist Flexwork? Bedeutung und Vorteile &ndash; iCombine","og_description":"Neue Arbeitsmodelle, wie \"Flexwork\", k\u00f6nnen sehr positive Auswirkungen haben. Was steckt hinter dem Begriff, und worauf muss geachtet werden?","og_url":"https:\/\/icombine.net\/de\/blog\/was-ist-flexwork","og_site_name":"iCombine","article_publisher":"https:\/\/www.facebook.com\/iCombineProjectPad\/","article_published_time":"2019-06-25T12:36:42+00:00","article_modified_time":"2022-06-08T15:03:14+00:00","og_image":[{"width":700,"height":446,"url":"https:\/\/icombine.net\/wp-content\/uploads\/Homeoffice-Co-Working.jpg","type":"image\/jpeg"}],"author":"Richard Schentke","twitter_card":"summary_large_image","twitter_creator":"@iCombine_","twitter_site":"@iCombine_","twitter_misc":{"Verfasst von":"Richard Schentke","Gesch\u00e4tzte Lesezeit":"5 Minuten"},"schema":{"@context":"https:\/\/schema.org","@graph":[{"@type":"Article","@id":"https:\/\/icombine.net\/de\/blog\/was-ist-flexwork#article","isPartOf":{"@id":"https:\/\/icombine.net\/de\/blog\/was-ist-flexwork"},"author":{"name":"Richard Schentke","@id":"https:\/\/icombine.net\/de#\/schema\/person\/bedfde5af9e0e9f15f180324a32ab7a7"},"headline":"Was ist Flexwork? Bedeutung und Vorteile","datePublished":"2019-06-25T12:36:42+00:00","dateModified":"2022-06-08T15:03:14+00:00","mainEntityOfPage":{"@id":"https:\/\/icombine.net\/de\/blog\/was-ist-flexwork"},"wordCount":966,"commentCount":0,"publisher":{"@id":"https:\/\/icombine.net\/de#organization"},"articleSection":["News"],"inLanguage":"de-DE","potentialAction":[{"@type":"CommentAction","name":"Comment","target":["https:\/\/icombine.net\/de\/blog\/was-ist-flexwork#respond"]}]},{"@type":"WebPage","@id":"https:\/\/icombine.net\/de\/blog\/was-ist-flexwork","url":"https:\/\/icombine.net\/de\/blog\/was-ist-flexwork","name":"Was ist Flexwork? Bedeutung und Vorteile &ndash; iCombine","isPartOf":{"@id":"https:\/\/icombine.net\/de#website"},"datePublished":"2019-06-25T12:36:42+00:00","dateModified":"2022-06-08T15:03:14+00:00","description":"Neue Arbeitsmodelle, wie \"Flexwork\", k\u00f6nnen sehr positive Auswirkungen haben. Was steckt hinter dem Begriff, und worauf muss geachtet werden?","breadcrumb":{"@id":"https:\/\/icombine.net\/de\/blog\/was-ist-flexwork#breadcrumb"},"inLanguage":"de-DE","potentialAction":[{"@type":"ReadAction","target":["https:\/\/icombine.net\/de\/blog\/was-ist-flexwork"]}]},{"@type":"BreadcrumbList","@id":"https:\/\/icombine.net\/de\/blog\/was-ist-flexwork#breadcrumb","itemListElement":[{"@type":"ListItem","position":1,"name":"Home","item":"https:\/\/icombine.net\/de\/start"},{"@type":"ListItem","position":2,"name":"Was ist Flexwork? Bedeutung und Vorteile"}]},{"@type":"WebSite","@id":"https:\/\/icombine.net\/de#website","url":"https:\/\/icombine.net\/de","name":"iCombine","description":"The workforce organization platform","publisher":{"@id":"https:\/\/icombine.net\/de#organization"},"potentialAction":[{"@type":"SearchAction","target":{"@type":"EntryPoint","urlTemplate":"https:\/\/icombine.net\/de?s={search_term_string}"},"query-input":"required name=search_term_string"}],"inLanguage":"de-DE"},{"@type":"Organization","@id":"https:\/\/icombine.net\/de#organization","name":"iCombine","url":"https:\/\/icombine.net\/de","logo":{"@type":"ImageObject","inLanguage":"de-DE","@id":"https:\/\/icombine.net\/de#\/schema\/logo\/image\/","url":"https:\/\/icombine.net\/wp-content\/uploads\/logo-icombine.png","contentUrl":"https:\/\/icombine.net\/wp-content\/uploads\/logo-icombine.png","width":532,"height":262,"caption":"iCombine"},"image":{"@id":"https:\/\/icombine.net\/de#\/schema\/logo\/image\/"},"sameAs":["https:\/\/www.facebook.com\/iCombineProjectPad\/","https:\/\/twitter.com\/iCombine_","https:\/\/www.linkedin.com\/company\/17972341\/"]},{"@type":"Person","@id":"https:\/\/icombine.net\/de#\/schema\/person\/bedfde5af9e0e9f15f180324a32ab7a7","name":"Richard Schentke","image":{"@type":"ImageObject","inLanguage":"de-DE","@id":"https:\/\/icombine.net\/de#\/schema\/person\/image\/","url":"https:\/\/secure.gravatar.com\/avatar\/76950531786497e342402aa2b2aa81d39bf94f1ec28c675374b184490c357e02?s=96&d=mm&r=g","contentUrl":"https:\/\/secure.gravatar.com\/avatar\/76950531786497e342402aa2b2aa81d39bf94f1ec28c675374b184490c357e02?s=96&d=mm&r=g","caption":"Richard Schentke"}}]}},"_links":{"self":[{"href":"https:\/\/icombine.net\/de\/wp-json\/wp\/v2\/posts\/1928","targetHints":{"allow":["GET"]}}],"collection":[{"href":"https:\/\/icombine.net\/de\/wp-json\/wp\/v2\/posts"}],"about":[{"href":"https:\/\/icombine.net\/de\/wp-json\/wp\/v2\/types\/post"}],"author":[{"embeddable":true,"href":"https:\/\/icombine.net\/de\/wp-json\/wp\/v2\/users\/3"}],"replies":[{"embeddable":true,"href":"https:\/\/icombine.net\/de\/wp-json\/wp\/v2\/comments?post=1928"}],"version-history":[{"count":0,"href":"https:\/\/icombine.net\/de\/wp-json\/wp\/v2\/posts\/1928\/revisions"}],"wp:featuredmedia":[{"embeddable":true,"href":"https:\/\/icombine.net\/de\/wp-json\/wp\/v2\/media\/1931"}],"wp:attachment":[{"href":"https:\/\/icombine.net\/de\/wp-json\/wp\/v2\/media?parent=1928"}],"wp:term":[{"taxonomy":"category","embeddable":true,"href":"https:\/\/icombine.net\/de\/wp-json\/wp\/v2\/categories?post=1928"},{"taxonomy":"post_tag","embeddable":true,"href":"https:\/\/icombine.net\/de\/wp-json\/wp\/v2\/tags?post=1928"}],"curies":[{"name":"wp","href":"https:\/\/api.w.org\/{rel}","templated":true}]}}