{"id":165,"date":"2016-12-22T15:11:58","date_gmt":"2016-12-22T14:11:58","guid":{"rendered":"http:\/\/blog.icombinenet.wpengine.com\/?p=165"},"modified":"2019-05-17T11:02:01","modified_gmt":"2019-05-17T10:02:01","slug":"treffen-mit-berlins-buergermeister","status":"publish","type":"post","link":"https:\/\/icombine.net\/de\/blog\/treffen-mit-berlins-buergermeister","title":{"rendered":"Treffen mit Berlins B\u00fcrgermeister"},"content":{"rendered":"<div id=\"attachment_166\" style=\"width: 330px\" class=\"wp-caption alignright\"><img loading=\"lazy\" decoding=\"async\" aria-describedby=\"caption-attachment-166\" class=\" wp-image-166\" src=\"https:\/\/icombine.net\/wp-content\/uploads\/2017\/03\/DSC_1628-e1488376586435.jpg\" alt=\"\" width=\"320\" height=\"194\" srcset=\"https:\/\/icombine.net\/wp-content\/uploads\/2017\/03\/DSC_1628-e1488376586435.jpg 1977w, https:\/\/icombine.net\/wp-content\/uploads\/2017\/03\/DSC_1628-e1488376586435-300x182.jpg 300w, https:\/\/icombine.net\/wp-content\/uploads\/2017\/03\/DSC_1628-e1488376586435-768x466.jpg 768w, https:\/\/icombine.net\/wp-content\/uploads\/2017\/03\/DSC_1628-e1488376586435-1024x622.jpg 1024w, https:\/\/icombine.net\/wp-content\/uploads\/2017\/03\/DSC_1628-e1488376586435-1080x656.jpg 1080w, https:\/\/icombine.net\/wp-content\/uploads\/2017\/03\/DSC_1628-e1488376586435-610x370.jpg 610w\" sizes=\"auto, (max-width: 320px) 100vw, 320px\" \/><p id=\"caption-attachment-166\" class=\"wp-caption-text\">Richard und Robert erl\u00e4utern die Mehrwerte von iCombine Expo.<\/p><\/div>\n<p>Am 20.12.2016 fand an der TU Berlin die <a title=\"Artikel TU Berlin\" href=\"http:\/\/www.entrepreneurship.tu-berlin.de\/index.php?id=122886&amp;utm_source=newsletter&amp;utm_medium=email&amp;utm_campaign=Newsletter+Dezember+2016\" target=\"_blank\" rel=\"noopener noreferrer\">Pressekonferenz zur Gr\u00fcndungsumfrage<\/a> 2016 statt. Viele hochrangige Politiker, Hochschulpr\u00e4sidenten und Pressevertreter wurden \u00fcber die aktuellen Entwicklungen in der Startup-Szene informiert. iCombine durfte sich in diesem Rahmen neben acht anderen Unternehmen im Lichthof der TU pr\u00e4sentieren.<\/p>\n<div id=\"attachment_167\" style=\"width: 293px\" class=\"wp-caption alignleft\"><img loading=\"lazy\" decoding=\"async\" aria-describedby=\"caption-attachment-167\" class=\" wp-image-167\" src=\"https:\/\/icombine.net\/wp-content\/uploads\/2017\/03\/DSC_1633-e1488376725775.jpg\" alt=\"\" width=\"283\" height=\"194\" srcset=\"https:\/\/icombine.net\/wp-content\/uploads\/2017\/03\/DSC_1633-e1488376725775.jpg 2227w, https:\/\/icombine.net\/wp-content\/uploads\/2017\/03\/DSC_1633-e1488376725775-300x206.jpg 300w, https:\/\/icombine.net\/wp-content\/uploads\/2017\/03\/DSC_1633-e1488376725775-768x526.jpg 768w, https:\/\/icombine.net\/wp-content\/uploads\/2017\/03\/DSC_1633-e1488376725775-1024x702.jpg 1024w, https:\/\/icombine.net\/wp-content\/uploads\/2017\/03\/DSC_1633-e1488376725775-1080x740.jpg 1080w, https:\/\/icombine.net\/wp-content\/uploads\/2017\/03\/DSC_1633-e1488376725775-610x418.jpg 610w\" sizes=\"auto, (max-width: 283px) 100vw, 283px\" \/><p id=\"caption-attachment-167\" class=\"wp-caption-text\">Am Ende werden Visitenkarten ausgetauscht.<\/p><\/div>\n<p>Michael M\u00fcller, regierender B\u00fcrgermeister von Berlin, zeigte gro\u00dfes Interesse an unserer Idee f\u00fcr einen digitalen Messeberater und schlug den Einsatz auf diversen Berliner Messen vor. Wir sind auf die weitere Resonanz gespannt! Eine Visitenkarte hat er sich jedenfalls eingesteckt&#8230;<br \/>\nUnser Dank gilt Dr. Angela H\u00f6hle f\u00fcr die Einladung im Namen der HTW Berlin.<\/p>\n<p><!--more--><\/p>\n<h3>Ein kurzer Artikel \u00fcber iCombine im Berlin Valley<\/h3>\n<div id=\"attachment_171\" style=\"width: 1197px\" class=\"wp-caption aligncenter\"><img loading=\"lazy\" decoding=\"async\" aria-describedby=\"caption-attachment-171\" class=\"size-full wp-image-171\" src=\"https:\/\/icombine.net\/wp-content\/uploads\/2017\/03\/Screenshot-Artikel.png\" alt=\"\" width=\"1187\" height=\"444\" srcset=\"https:\/\/icombine.net\/wp-content\/uploads\/2017\/03\/Screenshot-Artikel.png 1187w, https:\/\/icombine.net\/wp-content\/uploads\/2017\/03\/Screenshot-Artikel-300x112.png 300w, https:\/\/icombine.net\/wp-content\/uploads\/2017\/03\/Screenshot-Artikel-768x287.png 768w, https:\/\/icombine.net\/wp-content\/uploads\/2017\/03\/Screenshot-Artikel-1024x383.png 1024w, https:\/\/icombine.net\/wp-content\/uploads\/2017\/03\/Screenshot-Artikel-1080x404.png 1080w, https:\/\/icombine.net\/wp-content\/uploads\/2017\/03\/Screenshot-Artikel-610x228.png 610w\" sizes=\"auto, (max-width: 1187px) 100vw, 1187px\" \/><p id=\"caption-attachment-171\" class=\"wp-caption-text\">&#8222;Wir sind die Neuen&#8220; im Berlin Valley.<\/p><\/div>\n<p><span class=\"ng-scope\">iCombine <em>Recruitment<\/em> wurde in der neusten Ausgabe des Berlin Valley Magazins vorgestellt. Lade dir die aktuelle Version (Dezember 2016, Cover: Frau mit gelbem Wollkn\u00e4uel in der Hand) <\/span><span class=\"ng-scope\"><a title=\"Berlin Valley #19\" href=\"http:\/\/berlinvalley.com\/startup-magazin-download\/\" target=\"_blank\" rel=\"noopener noreferrer\">hier<\/a><\/span><span class=\"ng-scope\"> kostenfrei runter und erhalte die relevantesten Nachrichten aus der Startup-Welt. Unser Feature findest du in der Rubrik &#8222;Wir sind die Neuen&#8220; auf Seite 19 (Print) bzw. 10 (PDF).<\/span><\/p>\n<h3>Unsere neue Homepage ist online<\/h3>\n<div id=\"attachment_169\" style=\"width: 984px\" class=\"wp-caption aligncenter\"><img loading=\"lazy\" decoding=\"async\" aria-describedby=\"caption-attachment-169\" class=\"size-full wp-image-169\" src=\"https:\/\/icombine.net\/wp-content\/uploads\/2017\/03\/Homepage-Dez-2016.png\" alt=\"\" width=\"974\" height=\"503\" srcset=\"https:\/\/icombine.net\/wp-content\/uploads\/2017\/03\/Homepage-Dez-2016.png 974w, https:\/\/icombine.net\/wp-content\/uploads\/2017\/03\/Homepage-Dez-2016-300x155.png 300w, https:\/\/icombine.net\/wp-content\/uploads\/2017\/03\/Homepage-Dez-2016-768x397.png 768w, https:\/\/icombine.net\/wp-content\/uploads\/2017\/03\/Homepage-Dez-2016-610x315.png 610w\" sizes=\"auto, (max-width: 974px) 100vw, 974px\" \/><p id=\"caption-attachment-169\" class=\"wp-caption-text\">Unsere Homepage erstrahlt in neuem Design.<\/p><\/div>\n<p>Unsere neue iCombine\u00a0<a title=\"Neue iCombine Homepage\" href=\"https:\/\/icombine.net\/de\" target=\"_blank\" rel=\"noopener noreferrer\">Homepage<\/a> ist online. Eingebettet in ein modernes Design findest du hier die wichtigsen Informationen zum Unternehmen und unseren Produkten <em>Expo<\/em> und <em>Recruitment<\/em>. F\u00fcr alle, die noch mehr erfahren wollen, stellen wir unsere Produktbrosch\u00fcren zum Download bereit.<\/p>\n<h6><\/h6>\n<h6>Das Team von iCombine w\u00fcnscht dir ein frohes Weihnachtsfest und einen guten Rutsch. Wir freuen uns auf ein gemeinsames, erfolgreiches Jahr 2017!<\/h6>\n<h3><\/h3>\n<h3>Update aus der Redaktion<\/h3>\n<p>iCombine <em>Recruitment<\/em> und <em>Expo<\/em> werden von uns nicht mehr entwickelt. Alle Beweggr\u00fcnde dazu findest du in <a href=\"https:\/\/icombine.net\/de\/blog\/pivot-validation-launch-2017\" target=\"_blank\" rel=\"noopener noreferrer\">diesem Artikel<\/a>. Unsere aktuelle Software kannst du auf der ganz neuen Website <a href=\"https:\/\/icombine.net\/de\" target=\"_blank\" rel=\"noopener noreferrer\">hier kennenlernen<\/a>.<\/p>\n","protected":false},"excerpt":{"rendered":"<p>Zum Ende des Jahres berichten wir vom Treffen mit Berlins B\u00fcrgermeister und pr\u00e4sentieren unser erstes Feature im &#8222;Berlin Valley&#8220;.<\/p>\n","protected":false},"author":3,"featured_media":173,"comment_status":"open","ping_status":"open","sticky":false,"template":"","format":"standard","meta":{"_et_pb_use_builder":"","_et_pb_old_content":"","_et_gb_content_width":"","content-type":"","footnotes":""},"categories":[11],"tags":[],"class_list":["post-165","post","type-post","status-publish","format-standard","has-post-thumbnail","hentry","category-news"],"yoast_head":"<!-- This site is optimized with the Yoast SEO plugin v20.11 - https:\/\/yoast.com\/wordpress\/plugins\/seo\/ -->\n<title>Treffen mit Berlins B\u00fcrgermeister &ndash; iCombine<\/title>\n<meta name=\"robots\" content=\"index, follow, max-snippet:-1, max-image-preview:large, max-video-preview:-1\" \/>\n<link rel=\"canonical\" href=\"https:\/\/icombine.net\/de\/blog\/treffen-mit-berlins-buergermeister\" \/>\n<meta property=\"og:locale\" content=\"de_DE\" \/>\n<meta property=\"og:type\" content=\"article\" \/>\n<meta property=\"og:title\" content=\"Treffen mit Berlins B\u00fcrgermeister &ndash; iCombine\" \/>\n<meta property=\"og:description\" content=\"Zum Ende des Jahres berichten wir vom Treffen mit Berlins B\u00fcrgermeister und pr\u00e4sentieren unser erstes Feature im &quot;Berlin Valley&quot;.\" \/>\n<meta property=\"og:url\" content=\"https:\/\/icombine.net\/de\/blog\/treffen-mit-berlins-buergermeister\" \/>\n<meta property=\"og:site_name\" content=\"iCombine\" \/>\n<meta property=\"article:publisher\" content=\"https:\/\/www.facebook.com\/iCombineProjectPad\/\" \/>\n<meta property=\"article:published_time\" content=\"2016-12-22T14:11:58+00:00\" \/>\n<meta property=\"article:modified_time\" content=\"2019-05-17T10:02:01+00:00\" \/>\n<meta property=\"og:image\" content=\"https:\/\/icombine.net\/wp-content\/uploads\/2016\/12\/Datei_008-e1488377761198.jpeg\" \/>\n\t<meta property=\"og:image:width\" content=\"2374\" \/>\n\t<meta property=\"og:image:height\" content=\"1860\" \/>\n\t<meta property=\"og:image:type\" content=\"image\/jpeg\" \/>\n<meta name=\"author\" content=\"Richard Schentke\" \/>\n<meta name=\"twitter:card\" content=\"summary_large_image\" \/>\n<meta name=\"twitter:creator\" content=\"@iCombine_\" \/>\n<meta name=\"twitter:site\" content=\"@iCombine_\" \/>\n<meta name=\"twitter:label1\" content=\"Verfasst von\" \/>\n\t<meta name=\"twitter:data1\" content=\"Richard Schentke\" \/>\n\t<meta name=\"twitter:label2\" content=\"Gesch\u00e4tzte Lesezeit\" \/>\n\t<meta name=\"twitter:data2\" content=\"2 Minuten\" \/>\n<!-- \/ Yoast SEO plugin. -->","yoast_head_json":{"title":"Treffen mit Berlins B\u00fcrgermeister &ndash; iCombine","robots":{"index":"index","follow":"follow","max-snippet":"max-snippet:-1","max-image-preview":"max-image-preview:large","max-video-preview":"max-video-preview:-1"},"canonical":"https:\/\/icombine.net\/de\/blog\/treffen-mit-berlins-buergermeister","og_locale":"de_DE","og_type":"article","og_title":"Treffen mit Berlins B\u00fcrgermeister &ndash; iCombine","og_description":"Zum Ende des Jahres berichten wir vom Treffen mit Berlins B\u00fcrgermeister und pr\u00e4sentieren unser erstes Feature im \"Berlin Valley\".","og_url":"https:\/\/icombine.net\/de\/blog\/treffen-mit-berlins-buergermeister","og_site_name":"iCombine","article_publisher":"https:\/\/www.facebook.com\/iCombineProjectPad\/","article_published_time":"2016-12-22T14:11:58+00:00","article_modified_time":"2019-05-17T10:02:01+00:00","og_image":[{"width":2374,"height":1860,"url":"https:\/\/icombine.net\/wp-content\/uploads\/2016\/12\/Datei_008-e1488377761198.jpeg","type":"image\/jpeg"}],"author":"Richard Schentke","twitter_card":"summary_large_image","twitter_creator":"@iCombine_","twitter_site":"@iCombine_","twitter_misc":{"Verfasst von":"Richard Schentke","Gesch\u00e4tzte Lesezeit":"2 Minuten"},"schema":{"@context":"https:\/\/schema.org","@graph":[{"@type":"Article","@id":"https:\/\/icombine.net\/de\/blog\/treffen-mit-berlins-buergermeister#article","isPartOf":{"@id":"https:\/\/icombine.net\/de\/blog\/treffen-mit-berlins-buergermeister"},"author":{"name":"Richard Schentke","@id":"https:\/\/icombine.net\/de#\/schema\/person\/bedfde5af9e0e9f15f180324a32ab7a7"},"headline":"Treffen mit Berlins B\u00fcrgermeister","datePublished":"2016-12-22T14:11:58+00:00","dateModified":"2019-05-17T10:02:01+00:00","mainEntityOfPage":{"@id":"https:\/\/icombine.net\/de\/blog\/treffen-mit-berlins-buergermeister"},"wordCount":329,"commentCount":0,"publisher":{"@id":"https:\/\/icombine.net\/de#organization"},"articleSection":["News"],"inLanguage":"de-DE","potentialAction":[{"@type":"CommentAction","name":"Comment","target":["https:\/\/icombine.net\/de\/blog\/treffen-mit-berlins-buergermeister#respond"]}]},{"@type":"WebPage","@id":"https:\/\/icombine.net\/de\/blog\/treffen-mit-berlins-buergermeister","url":"https:\/\/icombine.net\/de\/blog\/treffen-mit-berlins-buergermeister","name":"Treffen mit Berlins B\u00fcrgermeister &ndash; iCombine","isPartOf":{"@id":"https:\/\/icombine.net\/de#website"},"datePublished":"2016-12-22T14:11:58+00:00","dateModified":"2019-05-17T10:02:01+00:00","breadcrumb":{"@id":"https:\/\/icombine.net\/de\/blog\/treffen-mit-berlins-buergermeister#breadcrumb"},"inLanguage":"de-DE","potentialAction":[{"@type":"ReadAction","target":["https:\/\/icombine.net\/de\/blog\/treffen-mit-berlins-buergermeister"]}]},{"@type":"BreadcrumbList","@id":"https:\/\/icombine.net\/de\/blog\/treffen-mit-berlins-buergermeister#breadcrumb","itemListElement":[{"@type":"ListItem","position":1,"name":"Home","item":"https:\/\/icombine.net\/de\/start"},{"@type":"ListItem","position":2,"name":"Treffen mit Berlins B\u00fcrgermeister"}]},{"@type":"WebSite","@id":"https:\/\/icombine.net\/de#website","url":"https:\/\/icombine.net\/de","name":"iCombine","description":"The workforce organization platform","publisher":{"@id":"https:\/\/icombine.net\/de#organization"},"potentialAction":[{"@type":"SearchAction","target":{"@type":"EntryPoint","urlTemplate":"https:\/\/icombine.net\/de?s={search_term_string}"},"query-input":"required name=search_term_string"}],"inLanguage":"de-DE"},{"@type":"Organization","@id":"https:\/\/icombine.net\/de#organization","name":"iCombine","url":"https:\/\/icombine.net\/de","logo":{"@type":"ImageObject","inLanguage":"de-DE","@id":"https:\/\/icombine.net\/de#\/schema\/logo\/image\/","url":"https:\/\/icombine.net\/wp-content\/uploads\/logo-icombine.png","contentUrl":"https:\/\/icombine.net\/wp-content\/uploads\/logo-icombine.png","width":532,"height":262,"caption":"iCombine"},"image":{"@id":"https:\/\/icombine.net\/de#\/schema\/logo\/image\/"},"sameAs":["https:\/\/www.facebook.com\/iCombineProjectPad\/","https:\/\/twitter.com\/iCombine_","https:\/\/www.linkedin.com\/company\/17972341\/"]},{"@type":"Person","@id":"https:\/\/icombine.net\/de#\/schema\/person\/bedfde5af9e0e9f15f180324a32ab7a7","name":"Richard Schentke","image":{"@type":"ImageObject","inLanguage":"de-DE","@id":"https:\/\/icombine.net\/de#\/schema\/person\/image\/","url":"https:\/\/secure.gravatar.com\/avatar\/76950531786497e342402aa2b2aa81d39bf94f1ec28c675374b184490c357e02?s=96&d=mm&r=g","contentUrl":"https:\/\/secure.gravatar.com\/avatar\/76950531786497e342402aa2b2aa81d39bf94f1ec28c675374b184490c357e02?s=96&d=mm&r=g","caption":"Richard Schentke"}}]}},"_links":{"self":[{"href":"https:\/\/icombine.net\/de\/wp-json\/wp\/v2\/posts\/165","targetHints":{"allow":["GET"]}}],"collection":[{"href":"https:\/\/icombine.net\/de\/wp-json\/wp\/v2\/posts"}],"about":[{"href":"https:\/\/icombine.net\/de\/wp-json\/wp\/v2\/types\/post"}],"author":[{"embeddable":true,"href":"https:\/\/icombine.net\/de\/wp-json\/wp\/v2\/users\/3"}],"replies":[{"embeddable":true,"href":"https:\/\/icombine.net\/de\/wp-json\/wp\/v2\/comments?post=165"}],"version-history":[{"count":0,"href":"https:\/\/icombine.net\/de\/wp-json\/wp\/v2\/posts\/165\/revisions"}],"wp:featuredmedia":[{"embeddable":true,"href":"https:\/\/icombine.net\/de\/wp-json\/wp\/v2\/media\/173"}],"wp:attachment":[{"href":"https:\/\/icombine.net\/de\/wp-json\/wp\/v2\/media?parent=165"}],"wp:term":[{"taxonomy":"category","embeddable":true,"href":"https:\/\/icombine.net\/de\/wp-json\/wp\/v2\/categories?post=165"},{"taxonomy":"post_tag","embeddable":true,"href":"https:\/\/icombine.net\/de\/wp-json\/wp\/v2\/tags?post=165"}],"curies":[{"name":"wp","href":"https:\/\/api.w.org\/{rel}","templated":true}]}}